{"id":3923,"date":"2016-05-27T00:09:12","date_gmt":"2016-05-27T00:09:12","guid":{"rendered":"http:\/\/pdhj.tl\/?p=3923"},"modified":"2024-06-10T11:34:01","modified_gmt":"2024-06-10T02:34:01","slug":"dialogo-do-provedor-de-direitos-humanos-e-justica-dr-silverio-pinto-baptista-e-seus-parceiros-com-criancas-separadas-das-familias","status":"publish","type":"post","link":"https:\/\/www.pdhj.tl\/pt-pt\/dialogo-do-provedor-de-direitos-humanos-e-justica-dr-silverio-pinto-baptista-e-seus-parceiros-com-criancas-separadas-das-familias\/","title":{"rendered":"Di\u00e1logo do Provedor de Direitos Humanos e Justi\u00e7a, Dr. Silv\u00e9rio Pinto Baptista e seus parceiros com crian\u00e7as separadas das fam\u00edlias"},"content":{"rendered":"Dili \u2013 Em 18 de Maio de 2016, a Provedoria dos Direitos Humanos e Justi\u00e7a em parceria com as Organiza\u00e7\u00f5es N\u00e3o Governamentais (ONGs) nomeadamente a Asia Justice and Rights (AJAR), Associa\u00e7\u00e3o HAK, CVTL, ICRC, Funda\u00e7\u00e3o Alola e ACBIT realizaram um di\u00e1logo com as crian\u00e7as timorenses que se desapareceram das suas fam\u00edlias durante o per\u00edodo turbulento da ocupa\u00e7\u00e3o indon\u00e9sia entre os anos 1975 e 1999. As crian\u00e7as timorenses desaparecidas naquela altura agora j\u00e1 adultos vieram a Timor-Leste <a href=\"https:\/\/www.pdhj.tl\/pt-pt\/dialogo-do-provedor-de-direitos-humanos-e-justica-dr-silverio-pinto-baptista-e-seus-parceiros-com-criancas-separadas-das-familias\/\" class=\"more-link\">Read more [...]<\/a>","protected":false},"excerpt":{"rendered":"<p>Dili \u2013 Em 18 de Maio de 2016, a Provedoria dos Direitos Humanos e Justi\u00e7a em parceria com as Organiza\u00e7\u00f5es N\u00e3o Governamentais (ONGs) nomeadamente a Asia Justice and Rights (AJAR), Associa\u00e7\u00e3o HAK, CVTL, ICRC, Funda\u00e7\u00e3o Alola e ACBIT realizaram um di\u00e1logo com as crian\u00e7as timorenses que se desapareceram das suas fam\u00edlias durante o per\u00edodo turbulento da ocupa\u00e7\u00e3o indon\u00e9sia entre os anos 1975 e 1999. As crian\u00e7as timorenses desaparecidas naquela altura agora j\u00e1 adultos vieram a Timor-Leste Read more [&#8230;]<\/p>\n","protected":false},"author":8,"featured_media":3919,"comment_status":"closed","ping_status":"closed","sticky":false,"template":"","format":"standard","meta":{"footnotes":""},"categories":[122],"tags":[],"class_list":{"0":"post-3923","1":"post","2":"type-post","3":"status-publish","4":"format-standard","5":"has-post-thumbnail","7":"category-noticias"},"yoast_head":"<!-- This site is optimized with the Yoast SEO plugin v26.9 - https:\/\/yoast.com\/product\/yoast-seo-wordpress\/ -->\n<title>Di\u00e1logo do Provedor de Direitos Humanos e Justi\u00e7a, Dr. Silv\u00e9rio Pinto Baptista e seus parceiros com crian\u00e7as separadas das fam\u00edlias - PDHJ<\/title>\n<meta name=\"robots\" content=\"index, follow, max-snippet:-1, max-image-preview:large, max-video-preview:-1\" \/>\n<link rel=\"canonical\" href=\"https:\/\/www.pdhj.tl\/pt-pt\/dialogo-do-provedor-de-direitos-humanos-e-justica-dr-silverio-pinto-baptista-e-seus-parceiros-com-criancas-separadas-das-familias\/\" \/>\n<meta property=\"og:locale\" content=\"pt_PT\" \/>\n<meta property=\"og:type\" content=\"article\" \/>\n<meta property=\"og:title\" content=\"Di\u00e1logo do Provedor de Direitos Humanos e Justi\u00e7a, Dr. Silv\u00e9rio Pinto Baptista e seus parceiros com crian\u00e7as separadas das fam\u00edlias - PDHJ\" \/>\n<meta property=\"og:description\" content=\"Dili \u2013 Em 18 de Maio de 2016, a Provedoria dos Direitos Humanos e Justi\u00e7a em parceria com as Organiza\u00e7\u00f5es N\u00e3o Governamentais (ONGs) nomeadamente a Asia Justice and Rights (AJAR), Associa\u00e7\u00e3o HAK, CVTL, ICRC, Funda\u00e7\u00e3o Alola e ACBIT realizaram um di\u00e1logo com as crian\u00e7as timorenses que se desapareceram das suas fam\u00edlias durante o per\u00edodo turbulento da ocupa\u00e7\u00e3o indon\u00e9sia entre os anos 1975 e 1999. As crian\u00e7as timorenses desaparecidas naquela altura agora j\u00e1 adultos vieram a Timor-Leste Read more [...]\" \/>\n<meta property=\"og:url\" content=\"https:\/\/www.pdhj.tl\/pt-pt\/dialogo-do-provedor-de-direitos-humanos-e-justica-dr-silverio-pinto-baptista-e-seus-parceiros-com-criancas-separadas-das-familias\/\" \/>\n<meta property=\"og:site_name\" content=\"PDHJ\" \/>\n<meta property=\"article:publisher\" content=\"https:\/\/www.facebook.com\/PDHJTimorLeste\" \/>\n<meta property=\"article:published_time\" content=\"2016-05-27T00:09:12+00:00\" \/>\n<meta property=\"article:modified_time\" content=\"2024-06-10T02:34:01+00:00\" \/>\n<meta property=\"og:image\" content=\"https:\/\/www.pdhj.tl\/wp-content\/uploads\/2016\/05\/website-uza.jpg\" \/>\n\t<meta property=\"og:image:width\" content=\"769\" \/>\n\t<meta property=\"og:image:height\" content=\"567\" \/>\n\t<meta property=\"og:image:type\" content=\"image\/jpeg\" \/>\n<meta name=\"author\" content=\"Joana da Cruz\" \/>\n<meta name=\"twitter:card\" content=\"summary_large_image\" \/>\n<meta name=\"twitter:creator\" content=\"@PDHJTimorLeste\" \/>\n<meta name=\"twitter:site\" content=\"@PDHJTimorLeste\" \/>\n<meta name=\"twitter:label1\" content=\"Escrito por\" \/>\n\t<meta name=\"twitter:data1\" content=\"Joana da Cruz\" \/>\n\t<meta name=\"twitter:label2\" content=\"Tempo estimado de leitura\" \/>\n\t<meta name=\"twitter:data2\" content=\"4 minutos\" \/>\n<script type=\"application\/ld+json\" class=\"yoast-schema-graph\">{\"@context\":\"https:\/\/schema.org\",\"@graph\":[{\"@type\":\"Article\",\"@id\":\"https:\/\/www.pdhj.tl\/pt-pt\/dialogo-do-provedor-de-direitos-humanos-e-justica-dr-silverio-pinto-baptista-e-seus-parceiros-com-criancas-separadas-das-familias\/#article\",\"isPartOf\":{\"@id\":\"https:\/\/www.pdhj.tl\/pt-pt\/dialogo-do-provedor-de-direitos-humanos-e-justica-dr-silverio-pinto-baptista-e-seus-parceiros-com-criancas-separadas-das-familias\/\"},\"author\":{\"name\":\"Joana da Cruz\",\"@id\":\"https:\/\/www.pdhj.tl\/#\/schema\/person\/f7069386d219989a6e50f2f3e9332691\"},\"headline\":\"Di\u00e1logo do Provedor de Direitos Humanos e Justi\u00e7a, Dr. Silv\u00e9rio Pinto Baptista e seus parceiros com crian\u00e7as separadas das fam\u00edlias\",\"datePublished\":\"2016-05-27T00:09:12+00:00\",\"dateModified\":\"2024-06-10T02:34:01+00:00\",\"mainEntityOfPage\":{\"@id\":\"https:\/\/www.pdhj.tl\/pt-pt\/dialogo-do-provedor-de-direitos-humanos-e-justica-dr-silverio-pinto-baptista-e-seus-parceiros-com-criancas-separadas-das-familias\/\"},\"wordCount\":788,\"publisher\":{\"@id\":\"https:\/\/www.pdhj.tl\/#organization\"},\"image\":{\"@id\":\"https:\/\/www.pdhj.tl\/pt-pt\/dialogo-do-provedor-de-direitos-humanos-e-justica-dr-silverio-pinto-baptista-e-seus-parceiros-com-criancas-separadas-das-familias\/#primaryimage\"},\"thumbnailUrl\":\"https:\/\/www.pdhj.tl\/wp-content\/uploads\/2016\/05\/website-uza.jpg\",\"articleSection\":[\"Noticias\"],\"inLanguage\":\"pt-PT\"},{\"@type\":\"WebPage\",\"@id\":\"https:\/\/www.pdhj.tl\/pt-pt\/dialogo-do-provedor-de-direitos-humanos-e-justica-dr-silverio-pinto-baptista-e-seus-parceiros-com-criancas-separadas-das-familias\/\",\"url\":\"https:\/\/www.pdhj.tl\/pt-pt\/dialogo-do-provedor-de-direitos-humanos-e-justica-dr-silverio-pinto-baptista-e-seus-parceiros-com-criancas-separadas-das-familias\/\",\"name\":\"Di\u00e1logo do Provedor de Direitos Humanos e Justi\u00e7a, Dr. Silv\u00e9rio Pinto Baptista e seus parceiros com crian\u00e7as separadas das fam\u00edlias - PDHJ\",\"isPartOf\":{\"@id\":\"https:\/\/www.pdhj.tl\/#website\"},\"primaryImageOfPage\":{\"@id\":\"https:\/\/www.pdhj.tl\/pt-pt\/dialogo-do-provedor-de-direitos-humanos-e-justica-dr-silverio-pinto-baptista-e-seus-parceiros-com-criancas-separadas-das-familias\/#primaryimage\"},\"image\":{\"@id\":\"https:\/\/www.pdhj.tl\/pt-pt\/dialogo-do-provedor-de-direitos-humanos-e-justica-dr-silverio-pinto-baptista-e-seus-parceiros-com-criancas-separadas-das-familias\/#primaryimage\"},\"thumbnailUrl\":\"https:\/\/www.pdhj.tl\/wp-content\/uploads\/2016\/05\/website-uza.jpg\",\"datePublished\":\"2016-05-27T00:09:12+00:00\",\"dateModified\":\"2024-06-10T02:34:01+00:00\",\"breadcrumb\":{\"@id\":\"https:\/\/www.pdhj.tl\/pt-pt\/dialogo-do-provedor-de-direitos-humanos-e-justica-dr-silverio-pinto-baptista-e-seus-parceiros-com-criancas-separadas-das-familias\/#breadcrumb\"},\"inLanguage\":\"pt-PT\",\"potentialAction\":[{\"@type\":\"ReadAction\",\"target\":[\"https:\/\/www.pdhj.tl\/pt-pt\/dialogo-do-provedor-de-direitos-humanos-e-justica-dr-silverio-pinto-baptista-e-seus-parceiros-com-criancas-separadas-das-familias\/\"]}]},{\"@type\":\"ImageObject\",\"inLanguage\":\"pt-PT\",\"@id\":\"https:\/\/www.pdhj.tl\/pt-pt\/dialogo-do-provedor-de-direitos-humanos-e-justica-dr-silverio-pinto-baptista-e-seus-parceiros-com-criancas-separadas-das-familias\/#primaryimage\",\"url\":\"https:\/\/www.pdhj.tl\/wp-content\/uploads\/2016\/05\/website-uza.jpg\",\"contentUrl\":\"https:\/\/www.pdhj.tl\/wp-content\/uploads\/2016\/05\/website-uza.jpg\",\"width\":769,\"height\":567},{\"@type\":\"BreadcrumbList\",\"@id\":\"https:\/\/www.pdhj.tl\/pt-pt\/dialogo-do-provedor-de-direitos-humanos-e-justica-dr-silverio-pinto-baptista-e-seus-parceiros-com-criancas-separadas-das-familias\/#breadcrumb\",\"itemListElement\":[{\"@type\":\"ListItem\",\"position\":1,\"name\":\"Home\",\"item\":\"https:\/\/www.pdhj.tl\/pt-pt\/home\/\"},{\"@type\":\"ListItem\",\"position\":2,\"name\":\"Di\u00e1logo do Provedor de Direitos Humanos e Justi\u00e7a, Dr. Silv\u00e9rio Pinto Baptista e seus parceiros com crian\u00e7as separadas das fam\u00edlias\"}]},{\"@type\":\"WebSite\",\"@id\":\"https:\/\/www.pdhj.tl\/#website\",\"url\":\"https:\/\/www.pdhj.tl\/\",\"name\":\"PDHJ Timor-Leste\",\"description\":\"Provedoria dos Direitos Humanos e Justi\u00e7a\",\"publisher\":{\"@id\":\"https:\/\/www.pdhj.tl\/#organization\"},\"potentialAction\":[{\"@type\":\"SearchAction\",\"target\":{\"@type\":\"EntryPoint\",\"urlTemplate\":\"https:\/\/www.pdhj.tl\/?s={search_term_string}\"},\"query-input\":{\"@type\":\"PropertyValueSpecification\",\"valueRequired\":true,\"valueName\":\"search_term_string\"}}],\"inLanguage\":\"pt-PT\"},{\"@type\":\"Organization\",\"@id\":\"https:\/\/www.pdhj.tl\/#organization\",\"name\":\"PDHJ Timor-Leste\",\"url\":\"https:\/\/www.pdhj.tl\/\",\"logo\":{\"@type\":\"ImageObject\",\"inLanguage\":\"pt-PT\",\"@id\":\"https:\/\/www.pdhj.tl\/#\/schema\/logo\/image\/\",\"url\":\"https:\/\/www.pdhj.tl\/wp-content\/uploads\/2013\/11\/tplogo.png\",\"contentUrl\":\"https:\/\/www.pdhj.tl\/wp-content\/uploads\/2013\/11\/tplogo.png\",\"width\":280,\"height\":280,\"caption\":\"PDHJ Timor-Leste\"},\"image\":{\"@id\":\"https:\/\/www.pdhj.tl\/#\/schema\/logo\/image\/\"},\"sameAs\":[\"https:\/\/www.facebook.com\/PDHJTimorLeste\",\"https:\/\/x.com\/PDHJTimorLeste\",\"https:\/\/www.tiktok.com\/pdhj.tl\",\"https:\/\/www.instagram.com\/pdhj.tl\/\",\"https:\/\/www.linkedin.com\/company\/pdhj-tls\/\"]},{\"@type\":\"Person\",\"@id\":\"https:\/\/www.pdhj.tl\/#\/schema\/person\/f7069386d219989a6e50f2f3e9332691\",\"name\":\"Joana da Cruz\",\"image\":{\"@type\":\"ImageObject\",\"inLanguage\":\"pt-PT\",\"@id\":\"https:\/\/www.pdhj.tl\/#\/schema\/person\/image\/\",\"url\":\"https:\/\/secure.gravatar.com\/avatar\/06e8798d0b2582474af880919e345af11ffb6f5981463dc7fcaa64e1a2cb8bde?s=96&d=mm&r=g\",\"contentUrl\":\"https:\/\/secure.gravatar.com\/avatar\/06e8798d0b2582474af880919e345af11ffb6f5981463dc7fcaa64e1a2cb8bde?s=96&d=mm&r=g\",\"caption\":\"Joana da Cruz\"},\"sameAs\":[\"http:\/\/www.pdhj.info\"],\"url\":\"https:\/\/www.pdhj.tl\/pt-pt\/author\/tefa\/\"}]}<\/script>\n<!-- \/ Yoast SEO plugin. -->","yoast_head_json":{"title":"Di\u00e1logo do Provedor de Direitos Humanos e Justi\u00e7a, Dr. Silv\u00e9rio Pinto Baptista e seus parceiros com crian\u00e7as separadas das fam\u00edlias - PDHJ","robots":{"index":"index","follow":"follow","max-snippet":"max-snippet:-1","max-image-preview":"max-image-preview:large","max-video-preview":"max-video-preview:-1"},"canonical":"https:\/\/www.pdhj.tl\/pt-pt\/dialogo-do-provedor-de-direitos-humanos-e-justica-dr-silverio-pinto-baptista-e-seus-parceiros-com-criancas-separadas-das-familias\/","og_locale":"pt_PT","og_type":"article","og_title":"Di\u00e1logo do Provedor de Direitos Humanos e Justi\u00e7a, Dr. Silv\u00e9rio Pinto Baptista e seus parceiros com crian\u00e7as separadas das fam\u00edlias - PDHJ","og_description":"Dili \u2013 Em 18 de Maio de 2016, a Provedoria dos Direitos Humanos e Justi\u00e7a em parceria com as Organiza\u00e7\u00f5es N\u00e3o Governamentais (ONGs) nomeadamente a Asia Justice and Rights (AJAR), Associa\u00e7\u00e3o HAK, CVTL, ICRC, Funda\u00e7\u00e3o Alola e ACBIT realizaram um di\u00e1logo com as crian\u00e7as timorenses que se desapareceram das suas fam\u00edlias durante o per\u00edodo turbulento da ocupa\u00e7\u00e3o indon\u00e9sia entre os anos 1975 e 1999. As crian\u00e7as timorenses desaparecidas naquela altura agora j\u00e1 adultos vieram a Timor-Leste Read more [...]","og_url":"https:\/\/www.pdhj.tl\/pt-pt\/dialogo-do-provedor-de-direitos-humanos-e-justica-dr-silverio-pinto-baptista-e-seus-parceiros-com-criancas-separadas-das-familias\/","og_site_name":"PDHJ","article_publisher":"https:\/\/www.facebook.com\/PDHJTimorLeste","article_published_time":"2016-05-27T00:09:12+00:00","article_modified_time":"2024-06-10T02:34:01+00:00","og_image":[{"width":769,"height":567,"url":"https:\/\/www.pdhj.tl\/wp-content\/uploads\/2016\/05\/website-uza.jpg","type":"image\/jpeg"}],"author":"Joana da Cruz","twitter_card":"summary_large_image","twitter_creator":"@PDHJTimorLeste","twitter_site":"@PDHJTimorLeste","twitter_misc":{"Escrito por":"Joana da Cruz","Tempo estimado de leitura":"4 minutos"},"schema":{"@context":"https:\/\/schema.org","@graph":[{"@type":"Article","@id":"https:\/\/www.pdhj.tl\/pt-pt\/dialogo-do-provedor-de-direitos-humanos-e-justica-dr-silverio-pinto-baptista-e-seus-parceiros-com-criancas-separadas-das-familias\/#article","isPartOf":{"@id":"https:\/\/www.pdhj.tl\/pt-pt\/dialogo-do-provedor-de-direitos-humanos-e-justica-dr-silverio-pinto-baptista-e-seus-parceiros-com-criancas-separadas-das-familias\/"},"author":{"name":"Joana da Cruz","@id":"https:\/\/www.pdhj.tl\/#\/schema\/person\/f7069386d219989a6e50f2f3e9332691"},"headline":"Di\u00e1logo do Provedor de Direitos Humanos e Justi\u00e7a, Dr. Silv\u00e9rio Pinto Baptista e seus parceiros com crian\u00e7as separadas das fam\u00edlias","datePublished":"2016-05-27T00:09:12+00:00","dateModified":"2024-06-10T02:34:01+00:00","mainEntityOfPage":{"@id":"https:\/\/www.pdhj.tl\/pt-pt\/dialogo-do-provedor-de-direitos-humanos-e-justica-dr-silverio-pinto-baptista-e-seus-parceiros-com-criancas-separadas-das-familias\/"},"wordCount":788,"publisher":{"@id":"https:\/\/www.pdhj.tl\/#organization"},"image":{"@id":"https:\/\/www.pdhj.tl\/pt-pt\/dialogo-do-provedor-de-direitos-humanos-e-justica-dr-silverio-pinto-baptista-e-seus-parceiros-com-criancas-separadas-das-familias\/#primaryimage"},"thumbnailUrl":"https:\/\/www.pdhj.tl\/wp-content\/uploads\/2016\/05\/website-uza.jpg","articleSection":["Noticias"],"inLanguage":"pt-PT"},{"@type":"WebPage","@id":"https:\/\/www.pdhj.tl\/pt-pt\/dialogo-do-provedor-de-direitos-humanos-e-justica-dr-silverio-pinto-baptista-e-seus-parceiros-com-criancas-separadas-das-familias\/","url":"https:\/\/www.pdhj.tl\/pt-pt\/dialogo-do-provedor-de-direitos-humanos-e-justica-dr-silverio-pinto-baptista-e-seus-parceiros-com-criancas-separadas-das-familias\/","name":"Di\u00e1logo do Provedor de Direitos Humanos e Justi\u00e7a, Dr. Silv\u00e9rio Pinto Baptista e seus parceiros com crian\u00e7as separadas das fam\u00edlias - PDHJ","isPartOf":{"@id":"https:\/\/www.pdhj.tl\/#website"},"primaryImageOfPage":{"@id":"https:\/\/www.pdhj.tl\/pt-pt\/dialogo-do-provedor-de-direitos-humanos-e-justica-dr-silverio-pinto-baptista-e-seus-parceiros-com-criancas-separadas-das-familias\/#primaryimage"},"image":{"@id":"https:\/\/www.pdhj.tl\/pt-pt\/dialogo-do-provedor-de-direitos-humanos-e-justica-dr-silverio-pinto-baptista-e-seus-parceiros-com-criancas-separadas-das-familias\/#primaryimage"},"thumbnailUrl":"https:\/\/www.pdhj.tl\/wp-content\/uploads\/2016\/05\/website-uza.jpg","datePublished":"2016-05-27T00:09:12+00:00","dateModified":"2024-06-10T02:34:01+00:00","breadcrumb":{"@id":"https:\/\/www.pdhj.tl\/pt-pt\/dialogo-do-provedor-de-direitos-humanos-e-justica-dr-silverio-pinto-baptista-e-seus-parceiros-com-criancas-separadas-das-familias\/#breadcrumb"},"inLanguage":"pt-PT","potentialAction":[{"@type":"ReadAction","target":["https:\/\/www.pdhj.tl\/pt-pt\/dialogo-do-provedor-de-direitos-humanos-e-justica-dr-silverio-pinto-baptista-e-seus-parceiros-com-criancas-separadas-das-familias\/"]}]},{"@type":"ImageObject","inLanguage":"pt-PT","@id":"https:\/\/www.pdhj.tl\/pt-pt\/dialogo-do-provedor-de-direitos-humanos-e-justica-dr-silverio-pinto-baptista-e-seus-parceiros-com-criancas-separadas-das-familias\/#primaryimage","url":"https:\/\/www.pdhj.tl\/wp-content\/uploads\/2016\/05\/website-uza.jpg","contentUrl":"https:\/\/www.pdhj.tl\/wp-content\/uploads\/2016\/05\/website-uza.jpg","width":769,"height":567},{"@type":"BreadcrumbList","@id":"https:\/\/www.pdhj.tl\/pt-pt\/dialogo-do-provedor-de-direitos-humanos-e-justica-dr-silverio-pinto-baptista-e-seus-parceiros-com-criancas-separadas-das-familias\/#breadcrumb","itemListElement":[{"@type":"ListItem","position":1,"name":"Home","item":"https:\/\/www.pdhj.tl\/pt-pt\/home\/"},{"@type":"ListItem","position":2,"name":"Di\u00e1logo do Provedor de Direitos Humanos e Justi\u00e7a, Dr. Silv\u00e9rio Pinto Baptista e seus parceiros com crian\u00e7as separadas das fam\u00edlias"}]},{"@type":"WebSite","@id":"https:\/\/www.pdhj.tl\/#website","url":"https:\/\/www.pdhj.tl\/","name":"PDHJ Timor-Leste","description":"Provedoria dos Direitos Humanos e Justi\u00e7a","publisher":{"@id":"https:\/\/www.pdhj.tl\/#organization"},"potentialAction":[{"@type":"SearchAction","target":{"@type":"EntryPoint","urlTemplate":"https:\/\/www.pdhj.tl\/?s={search_term_string}"},"query-input":{"@type":"PropertyValueSpecification","valueRequired":true,"valueName":"search_term_string"}}],"inLanguage":"pt-PT"},{"@type":"Organization","@id":"https:\/\/www.pdhj.tl\/#organization","name":"PDHJ Timor-Leste","url":"https:\/\/www.pdhj.tl\/","logo":{"@type":"ImageObject","inLanguage":"pt-PT","@id":"https:\/\/www.pdhj.tl\/#\/schema\/logo\/image\/","url":"https:\/\/www.pdhj.tl\/wp-content\/uploads\/2013\/11\/tplogo.png","contentUrl":"https:\/\/www.pdhj.tl\/wp-content\/uploads\/2013\/11\/tplogo.png","width":280,"height":280,"caption":"PDHJ Timor-Leste"},"image":{"@id":"https:\/\/www.pdhj.tl\/#\/schema\/logo\/image\/"},"sameAs":["https:\/\/www.facebook.com\/PDHJTimorLeste","https:\/\/x.com\/PDHJTimorLeste","https:\/\/www.tiktok.com\/pdhj.tl","https:\/\/www.instagram.com\/pdhj.tl\/","https:\/\/www.linkedin.com\/company\/pdhj-tls\/"]},{"@type":"Person","@id":"https:\/\/www.pdhj.tl\/#\/schema\/person\/f7069386d219989a6e50f2f3e9332691","name":"Joana da Cruz","image":{"@type":"ImageObject","inLanguage":"pt-PT","@id":"https:\/\/www.pdhj.tl\/#\/schema\/person\/image\/","url":"https:\/\/secure.gravatar.com\/avatar\/06e8798d0b2582474af880919e345af11ffb6f5981463dc7fcaa64e1a2cb8bde?s=96&d=mm&r=g","contentUrl":"https:\/\/secure.gravatar.com\/avatar\/06e8798d0b2582474af880919e345af11ffb6f5981463dc7fcaa64e1a2cb8bde?s=96&d=mm&r=g","caption":"Joana da Cruz"},"sameAs":["http:\/\/www.pdhj.info"],"url":"https:\/\/www.pdhj.tl\/pt-pt\/author\/tefa\/"}]}},"_links":{"self":[{"href":"https:\/\/www.pdhj.tl\/pt-pt\/wp-json\/wp\/v2\/posts\/3923\/"}],"collection":[{"href":"https:\/\/www.pdhj.tl\/pt-pt\/wp-json\/wp\/v2\/posts\/"}],"about":[{"href":"https:\/\/www.pdhj.tl\/pt-pt\/wp-json\/wp\/v2\/types\/post\/"}],"author":[{"embeddable":true,"href":"https:\/\/www.pdhj.tl\/pt-pt\/wp-json\/wp\/v2\/users\/8\/"}],"replies":[{"embeddable":true,"href":"https:\/\/www.pdhj.tl\/pt-pt\/wp-json\/wp\/v2\/comments\/?post=3923"}],"version-history":[{"count":1,"href":"https:\/\/www.pdhj.tl\/pt-pt\/wp-json\/wp\/v2\/posts\/3923\/revisions\/"}],"predecessor-version":[{"id":3924,"href":"https:\/\/www.pdhj.tl\/pt-pt\/wp-json\/wp\/v2\/posts\/3923\/revisions\/3924\/"}],"wp:featuredmedia":[{"embeddable":true,"href":"https:\/\/www.pdhj.tl\/pt-pt\/wp-json\/wp\/v2\/media\/3919\/"}],"wp:attachment":[{"href":"https:\/\/www.pdhj.tl\/pt-pt\/wp-json\/wp\/v2\/media\/?parent=3923"}],"wp:term":[{"taxonomy":"category","embeddable":true,"href":"https:\/\/www.pdhj.tl\/pt-pt\/wp-json\/wp\/v2\/categories\/?post=3923"},{"taxonomy":"post_tag","embeddable":true,"href":"https:\/\/www.pdhj.tl\/pt-pt\/wp-json\/wp\/v2\/tags\/?post=3923"}],"curies":[{"name":"wp","href":"https:\/\/api.w.org\/{rel}","templated":true}]}}