{"id":6906,"date":"2024-05-25T14:04:00","date_gmt":"2024-05-25T05:04:00","guid":{"rendered":"https:\/\/pdhj.tl\/?p=6906"},"modified":"2024-06-03T14:08:47","modified_gmt":"2024-06-03T05:08:47","slug":"deputy-ombudsman-for-good-governance-participated-in-39th-aichr-meeting-in-jaka","status":"publish","type":"post","link":"https:\/\/www.pdhj.tl\/en\/deputy-ombudsman-for-good-governance-participated-in-39th-aichr-meeting-in-jaka\/","title":{"rendered":"Deputy Ombudsman for Good Governance Participated in 39th AICHR meeting in Jaka"},"content":{"rendered":"\ud835\udc3d\ud835\udc4e\ud835\udc58\ud835\udc4e\ud835\udc5f\ud835\udc61\ud835\udc4e, \ud835\udc3c\ud835\udc5b\ud835\udc51\ud835\udc5c\ud835\udc5b\ud835\udc52\ud835\udc60\ud835\udc56\ud835\udc4e, 19-22 \ud835\udc40\ud835\udc4e\ud835\udc66 2024 \u2013 the Deputy Ombudsman for Good Governance of Timor-Leste, along with Eduarda Peregrina, the Promotion Official of PDHJ, General Director of Politics and Justice Hon\u00f3rio Aureliano Soares Magalh\u00e3es, and Sod\u00f3nio Jorge Martins, the National Director of Political and Security Affairs from the Ministry of Justice, participated as Observers at the 39th ASEAN Intergovernmental Commission on Human Rights (AICHR) <a href=\"https:\/\/www.pdhj.tl\/en\/deputy-ombudsman-for-good-governance-participated-in-39th-aichr-meeting-in-jaka\/\" class=\"more-link\">Read more [...]<\/a>","protected":false},"excerpt":{"rendered":"<p>\ud835\udc3d\ud835\udc4e\ud835\udc58\ud835\udc4e\ud835\udc5f\ud835\udc61\ud835\udc4e, \ud835\udc3c\ud835\udc5b\ud835\udc51\ud835\udc5c\ud835\udc5b\ud835\udc52\ud835\udc60\ud835\udc56\ud835\udc4e, 19-22 \ud835\udc40\ud835\udc4e\ud835\udc66 2024 \u2013 the Deputy Ombudsman for Good Governance of Timor-Leste, along with Eduarda Peregrina, the Promotion Official of PDHJ, General Director of Politics and Justice Hon\u00f3rio Aureliano Soares Magalh\u00e3es, and Sod\u00f3nio Jorge Martins, the National Director of Political and Security Affairs from the Ministry of Justice, participated as Observers at the 39th ASEAN Intergovernmental Commission on Human Rights (AICHR) Read more [&#8230;]<\/p>\n","protected":false},"author":10,"featured_media":6903,"comment_status":"closed","ping_status":"closed","sticky":false,"template":"","format":"standard","meta":{"footnotes":""},"categories":[100],"tags":[],"class_list":{"0":"post-6906","1":"post","2":"type-post","3":"status-publish","4":"format-standard","5":"has-post-thumbnail","7":"category-news"},"yoast_head":"<!-- This site is optimized with the Yoast SEO plugin v26.9 - https:\/\/yoast.com\/product\/yoast-seo-wordpress\/ -->\n<title>Deputy Ombudsman for Good Governance Participated in 39th AICHR meeting in Jaka - PDHJ<\/title>\n<meta name=\"robots\" content=\"index, follow, max-snippet:-1, max-image-preview:large, max-video-preview:-1\" \/>\n<link rel=\"canonical\" href=\"https:\/\/www.pdhj.tl\/en\/deputy-ombudsman-for-good-governance-participated-in-39th-aichr-meeting-in-jaka\/\" \/>\n<meta property=\"og:locale\" content=\"en_US\" \/>\n<meta property=\"og:type\" content=\"article\" \/>\n<meta property=\"og:title\" content=\"Deputy Ombudsman for Good Governance Participated in 39th AICHR meeting in Jaka - PDHJ\" \/>\n<meta property=\"og:description\" content=\"\ud835\udc3d\ud835\udc4e\ud835\udc58\ud835\udc4e\ud835\udc5f\ud835\udc61\ud835\udc4e, \ud835\udc3c\ud835\udc5b\ud835\udc51\ud835\udc5c\ud835\udc5b\ud835\udc52\ud835\udc60\ud835\udc56\ud835\udc4e, 19-22 \ud835\udc40\ud835\udc4e\ud835\udc66 2024 \u2013 the Deputy Ombudsman for Good Governance of Timor-Leste, along with Eduarda Peregrina, the Promotion Official of PDHJ, General Director of Politics and Justice Hon\u00f3rio Aureliano Soares Magalh\u00e3es, and Sod\u00f3nio Jorge Martins, the National Director of Political and Security Affairs from the Ministry of Justice, participated as Observers at the 39th ASEAN Intergovernmental Commission on Human Rights (AICHR) Read more [...]\" \/>\n<meta property=\"og:url\" content=\"https:\/\/www.pdhj.tl\/en\/deputy-ombudsman-for-good-governance-participated-in-39th-aichr-meeting-in-jaka\/\" \/>\n<meta property=\"og:site_name\" content=\"PDHJ\" \/>\n<meta property=\"article:publisher\" content=\"https:\/\/www.facebook.com\/PDHJTimorLeste\" \/>\n<meta property=\"article:published_time\" content=\"2024-05-25T05:04:00+00:00\" \/>\n<meta property=\"article:modified_time\" content=\"2024-06-03T05:08:47+00:00\" \/>\n<meta property=\"og:image\" content=\"https:\/\/www.pdhj.tl\/wp-content\/uploads\/2024\/06\/ajuntoprovedor.jpg\" \/>\n\t<meta property=\"og:image:width\" content=\"2048\" \/>\n\t<meta property=\"og:image:height\" content=\"1367\" \/>\n\t<meta property=\"og:image:type\" content=\"image\/jpeg\" \/>\n<meta name=\"author\" content=\"PDHJ Timor-Leste\" \/>\n<meta name=\"twitter:card\" content=\"summary_large_image\" \/>\n<meta name=\"twitter:creator\" content=\"@PDHJTimorLeste\" \/>\n<meta name=\"twitter:site\" content=\"@PDHJTimorLeste\" \/>\n<meta name=\"twitter:label1\" content=\"Written by\" \/>\n\t<meta name=\"twitter:data1\" content=\"PDHJ Timor-Leste\" \/>\n\t<meta name=\"twitter:label2\" content=\"Est. reading time\" \/>\n\t<meta name=\"twitter:data2\" content=\"2 minutes\" \/>\n<script type=\"application\/ld+json\" class=\"yoast-schema-graph\">{\"@context\":\"https:\/\/schema.org\",\"@graph\":[{\"@type\":\"Article\",\"@id\":\"https:\/\/www.pdhj.tl\/en\/deputy-ombudsman-for-good-governance-participated-in-39th-aichr-meeting-in-jaka\/#article\",\"isPartOf\":{\"@id\":\"https:\/\/www.pdhj.tl\/en\/deputy-ombudsman-for-good-governance-participated-in-39th-aichr-meeting-in-jaka\/\"},\"author\":{\"name\":\"PDHJ Timor-Leste\",\"@id\":\"https:\/\/www.pdhj.tl\/#\/schema\/person\/63daa051af528bce430ec089ee97591e\"},\"headline\":\"Deputy Ombudsman for Good Governance Participated in 39th AICHR meeting in Jaka\",\"datePublished\":\"2024-05-25T05:04:00+00:00\",\"dateModified\":\"2024-06-03T05:08:47+00:00\",\"mainEntityOfPage\":{\"@id\":\"https:\/\/www.pdhj.tl\/en\/deputy-ombudsman-for-good-governance-participated-in-39th-aichr-meeting-in-jaka\/\"},\"wordCount\":365,\"publisher\":{\"@id\":\"https:\/\/www.pdhj.tl\/#organization\"},\"image\":{\"@id\":\"https:\/\/www.pdhj.tl\/en\/deputy-ombudsman-for-good-governance-participated-in-39th-aichr-meeting-in-jaka\/#primaryimage\"},\"thumbnailUrl\":\"https:\/\/www.pdhj.tl\/wp-content\/uploads\/2024\/06\/ajuntoprovedor.jpg\",\"articleSection\":[\"News\"],\"inLanguage\":\"en-US\"},{\"@type\":\"WebPage\",\"@id\":\"https:\/\/www.pdhj.tl\/en\/deputy-ombudsman-for-good-governance-participated-in-39th-aichr-meeting-in-jaka\/\",\"url\":\"https:\/\/www.pdhj.tl\/en\/deputy-ombudsman-for-good-governance-participated-in-39th-aichr-meeting-in-jaka\/\",\"name\":\"Deputy Ombudsman for Good Governance Participated in 39th AICHR meeting in Jaka - PDHJ\",\"isPartOf\":{\"@id\":\"https:\/\/www.pdhj.tl\/#website\"},\"primaryImageOfPage\":{\"@id\":\"https:\/\/www.pdhj.tl\/en\/deputy-ombudsman-for-good-governance-participated-in-39th-aichr-meeting-in-jaka\/#primaryimage\"},\"image\":{\"@id\":\"https:\/\/www.pdhj.tl\/en\/deputy-ombudsman-for-good-governance-participated-in-39th-aichr-meeting-in-jaka\/#primaryimage\"},\"thumbnailUrl\":\"https:\/\/www.pdhj.tl\/wp-content\/uploads\/2024\/06\/ajuntoprovedor.jpg\",\"datePublished\":\"2024-05-25T05:04:00+00:00\",\"dateModified\":\"2024-06-03T05:08:47+00:00\",\"breadcrumb\":{\"@id\":\"https:\/\/www.pdhj.tl\/en\/deputy-ombudsman-for-good-governance-participated-in-39th-aichr-meeting-in-jaka\/#breadcrumb\"},\"inLanguage\":\"en-US\",\"potentialAction\":[{\"@type\":\"ReadAction\",\"target\":[\"https:\/\/www.pdhj.tl\/en\/deputy-ombudsman-for-good-governance-participated-in-39th-aichr-meeting-in-jaka\/\"]}]},{\"@type\":\"ImageObject\",\"inLanguage\":\"en-US\",\"@id\":\"https:\/\/www.pdhj.tl\/en\/deputy-ombudsman-for-good-governance-participated-in-39th-aichr-meeting-in-jaka\/#primaryimage\",\"url\":\"https:\/\/www.pdhj.tl\/wp-content\/uploads\/2024\/06\/ajuntoprovedor.jpg\",\"contentUrl\":\"https:\/\/www.pdhj.tl\/wp-content\/uploads\/2024\/06\/ajuntoprovedor.jpg\",\"width\":2048,\"height\":1367},{\"@type\":\"BreadcrumbList\",\"@id\":\"https:\/\/www.pdhj.tl\/en\/deputy-ombudsman-for-good-governance-participated-in-39th-aichr-meeting-in-jaka\/#breadcrumb\",\"itemListElement\":[{\"@type\":\"ListItem\",\"position\":1,\"name\":\"Home\",\"item\":\"https:\/\/www.pdhj.tl\/en\/home-2\/\"},{\"@type\":\"ListItem\",\"position\":2,\"name\":\"Deputy Ombudsman for Good Governance Participated in 39th AICHR meeting in Jaka\"}]},{\"@type\":\"WebSite\",\"@id\":\"https:\/\/www.pdhj.tl\/#website\",\"url\":\"https:\/\/www.pdhj.tl\/\",\"name\":\"PDHJ Timor-Leste\",\"description\":\"Provedoria dos Direitos Humanos e Justi\u00e7a\",\"publisher\":{\"@id\":\"https:\/\/www.pdhj.tl\/#organization\"},\"potentialAction\":[{\"@type\":\"SearchAction\",\"target\":{\"@type\":\"EntryPoint\",\"urlTemplate\":\"https:\/\/www.pdhj.tl\/?s={search_term_string}\"},\"query-input\":{\"@type\":\"PropertyValueSpecification\",\"valueRequired\":true,\"valueName\":\"search_term_string\"}}],\"inLanguage\":\"en-US\"},{\"@type\":\"Organization\",\"@id\":\"https:\/\/www.pdhj.tl\/#organization\",\"name\":\"PDHJ Timor-Leste\",\"url\":\"https:\/\/www.pdhj.tl\/\",\"logo\":{\"@type\":\"ImageObject\",\"inLanguage\":\"en-US\",\"@id\":\"https:\/\/www.pdhj.tl\/#\/schema\/logo\/image\/\",\"url\":\"https:\/\/www.pdhj.tl\/wp-content\/uploads\/2013\/11\/tplogo.png\",\"contentUrl\":\"https:\/\/www.pdhj.tl\/wp-content\/uploads\/2013\/11\/tplogo.png\",\"width\":280,\"height\":280,\"caption\":\"PDHJ Timor-Leste\"},\"image\":{\"@id\":\"https:\/\/www.pdhj.tl\/#\/schema\/logo\/image\/\"},\"sameAs\":[\"https:\/\/www.facebook.com\/PDHJTimorLeste\",\"https:\/\/x.com\/PDHJTimorLeste\",\"https:\/\/www.tiktok.com\/pdhj.tl\",\"https:\/\/www.instagram.com\/pdhj.tl\/\",\"https:\/\/www.linkedin.com\/company\/pdhj-tls\/\"]},{\"@type\":\"Person\",\"@id\":\"https:\/\/www.pdhj.tl\/#\/schema\/person\/63daa051af528bce430ec089ee97591e\",\"name\":\"PDHJ Timor-Leste\",\"image\":{\"@type\":\"ImageObject\",\"inLanguage\":\"en-US\",\"@id\":\"https:\/\/www.pdhj.tl\/#\/schema\/person\/image\/\",\"url\":\"https:\/\/secure.gravatar.com\/avatar\/de39a4f20eebfc47524fe50cb12463cabf896402fde62eed5c910e188c92608e?s=96&d=mm&r=g\",\"contentUrl\":\"https:\/\/secure.gravatar.com\/avatar\/de39a4f20eebfc47524fe50cb12463cabf896402fde62eed5c910e188c92608e?s=96&d=mm&r=g\",\"caption\":\"PDHJ Timor-Leste\"},\"sameAs\":[\"https:\/\/pdhj.tl\"],\"url\":\"https:\/\/www.pdhj.tl\/en\/author\/media\/\"}]}<\/script>\n<!-- \/ Yoast SEO plugin. -->","yoast_head_json":{"title":"Deputy Ombudsman for Good Governance Participated in 39th AICHR meeting in Jaka - PDHJ","robots":{"index":"index","follow":"follow","max-snippet":"max-snippet:-1","max-image-preview":"max-image-preview:large","max-video-preview":"max-video-preview:-1"},"canonical":"https:\/\/www.pdhj.tl\/en\/deputy-ombudsman-for-good-governance-participated-in-39th-aichr-meeting-in-jaka\/","og_locale":"en_US","og_type":"article","og_title":"Deputy Ombudsman for Good Governance Participated in 39th AICHR meeting in Jaka - PDHJ","og_description":"\ud835\udc3d\ud835\udc4e\ud835\udc58\ud835\udc4e\ud835\udc5f\ud835\udc61\ud835\udc4e, \ud835\udc3c\ud835\udc5b\ud835\udc51\ud835\udc5c\ud835\udc5b\ud835\udc52\ud835\udc60\ud835\udc56\ud835\udc4e, 19-22 \ud835\udc40\ud835\udc4e\ud835\udc66 2024 \u2013 the Deputy Ombudsman for Good Governance of Timor-Leste, along with Eduarda Peregrina, the Promotion Official of PDHJ, General Director of Politics and Justice Hon\u00f3rio Aureliano Soares Magalh\u00e3es, and Sod\u00f3nio Jorge Martins, the National Director of Political and Security Affairs from the Ministry of Justice, participated as Observers at the 39th ASEAN Intergovernmental Commission on Human Rights (AICHR) Read more [...]","og_url":"https:\/\/www.pdhj.tl\/en\/deputy-ombudsman-for-good-governance-participated-in-39th-aichr-meeting-in-jaka\/","og_site_name":"PDHJ","article_publisher":"https:\/\/www.facebook.com\/PDHJTimorLeste","article_published_time":"2024-05-25T05:04:00+00:00","article_modified_time":"2024-06-03T05:08:47+00:00","og_image":[{"width":2048,"height":1367,"url":"https:\/\/www.pdhj.tl\/wp-content\/uploads\/2024\/06\/ajuntoprovedor.jpg","type":"image\/jpeg"}],"author":"PDHJ Timor-Leste","twitter_card":"summary_large_image","twitter_creator":"@PDHJTimorLeste","twitter_site":"@PDHJTimorLeste","twitter_misc":{"Written by":"PDHJ Timor-Leste","Est. reading time":"2 minutes"},"schema":{"@context":"https:\/\/schema.org","@graph":[{"@type":"Article","@id":"https:\/\/www.pdhj.tl\/en\/deputy-ombudsman-for-good-governance-participated-in-39th-aichr-meeting-in-jaka\/#article","isPartOf":{"@id":"https:\/\/www.pdhj.tl\/en\/deputy-ombudsman-for-good-governance-participated-in-39th-aichr-meeting-in-jaka\/"},"author":{"name":"PDHJ Timor-Leste","@id":"https:\/\/www.pdhj.tl\/#\/schema\/person\/63daa051af528bce430ec089ee97591e"},"headline":"Deputy Ombudsman for Good Governance Participated in 39th AICHR meeting in Jaka","datePublished":"2024-05-25T05:04:00+00:00","dateModified":"2024-06-03T05:08:47+00:00","mainEntityOfPage":{"@id":"https:\/\/www.pdhj.tl\/en\/deputy-ombudsman-for-good-governance-participated-in-39th-aichr-meeting-in-jaka\/"},"wordCount":365,"publisher":{"@id":"https:\/\/www.pdhj.tl\/#organization"},"image":{"@id":"https:\/\/www.pdhj.tl\/en\/deputy-ombudsman-for-good-governance-participated-in-39th-aichr-meeting-in-jaka\/#primaryimage"},"thumbnailUrl":"https:\/\/www.pdhj.tl\/wp-content\/uploads\/2024\/06\/ajuntoprovedor.jpg","articleSection":["News"],"inLanguage":"en-US"},{"@type":"WebPage","@id":"https:\/\/www.pdhj.tl\/en\/deputy-ombudsman-for-good-governance-participated-in-39th-aichr-meeting-in-jaka\/","url":"https:\/\/www.pdhj.tl\/en\/deputy-ombudsman-for-good-governance-participated-in-39th-aichr-meeting-in-jaka\/","name":"Deputy Ombudsman for Good Governance Participated in 39th AICHR meeting in Jaka - PDHJ","isPartOf":{"@id":"https:\/\/www.pdhj.tl\/#website"},"primaryImageOfPage":{"@id":"https:\/\/www.pdhj.tl\/en\/deputy-ombudsman-for-good-governance-participated-in-39th-aichr-meeting-in-jaka\/#primaryimage"},"image":{"@id":"https:\/\/www.pdhj.tl\/en\/deputy-ombudsman-for-good-governance-participated-in-39th-aichr-meeting-in-jaka\/#primaryimage"},"thumbnailUrl":"https:\/\/www.pdhj.tl\/wp-content\/uploads\/2024\/06\/ajuntoprovedor.jpg","datePublished":"2024-05-25T05:04:00+00:00","dateModified":"2024-06-03T05:08:47+00:00","breadcrumb":{"@id":"https:\/\/www.pdhj.tl\/en\/deputy-ombudsman-for-good-governance-participated-in-39th-aichr-meeting-in-jaka\/#breadcrumb"},"inLanguage":"en-US","potentialAction":[{"@type":"ReadAction","target":["https:\/\/www.pdhj.tl\/en\/deputy-ombudsman-for-good-governance-participated-in-39th-aichr-meeting-in-jaka\/"]}]},{"@type":"ImageObject","inLanguage":"en-US","@id":"https:\/\/www.pdhj.tl\/en\/deputy-ombudsman-for-good-governance-participated-in-39th-aichr-meeting-in-jaka\/#primaryimage","url":"https:\/\/www.pdhj.tl\/wp-content\/uploads\/2024\/06\/ajuntoprovedor.jpg","contentUrl":"https:\/\/www.pdhj.tl\/wp-content\/uploads\/2024\/06\/ajuntoprovedor.jpg","width":2048,"height":1367},{"@type":"BreadcrumbList","@id":"https:\/\/www.pdhj.tl\/en\/deputy-ombudsman-for-good-governance-participated-in-39th-aichr-meeting-in-jaka\/#breadcrumb","itemListElement":[{"@type":"ListItem","position":1,"name":"Home","item":"https:\/\/www.pdhj.tl\/en\/home-2\/"},{"@type":"ListItem","position":2,"name":"Deputy Ombudsman for Good Governance Participated in 39th AICHR meeting in Jaka"}]},{"@type":"WebSite","@id":"https:\/\/www.pdhj.tl\/#website","url":"https:\/\/www.pdhj.tl\/","name":"PDHJ Timor-Leste","description":"Provedoria dos Direitos Humanos e Justi\u00e7a","publisher":{"@id":"https:\/\/www.pdhj.tl\/#organization"},"potentialAction":[{"@type":"SearchAction","target":{"@type":"EntryPoint","urlTemplate":"https:\/\/www.pdhj.tl\/?s={search_term_string}"},"query-input":{"@type":"PropertyValueSpecification","valueRequired":true,"valueName":"search_term_string"}}],"inLanguage":"en-US"},{"@type":"Organization","@id":"https:\/\/www.pdhj.tl\/#organization","name":"PDHJ Timor-Leste","url":"https:\/\/www.pdhj.tl\/","logo":{"@type":"ImageObject","inLanguage":"en-US","@id":"https:\/\/www.pdhj.tl\/#\/schema\/logo\/image\/","url":"https:\/\/www.pdhj.tl\/wp-content\/uploads\/2013\/11\/tplogo.png","contentUrl":"https:\/\/www.pdhj.tl\/wp-content\/uploads\/2013\/11\/tplogo.png","width":280,"height":280,"caption":"PDHJ Timor-Leste"},"image":{"@id":"https:\/\/www.pdhj.tl\/#\/schema\/logo\/image\/"},"sameAs":["https:\/\/www.facebook.com\/PDHJTimorLeste","https:\/\/x.com\/PDHJTimorLeste","https:\/\/www.tiktok.com\/pdhj.tl","https:\/\/www.instagram.com\/pdhj.tl\/","https:\/\/www.linkedin.com\/company\/pdhj-tls\/"]},{"@type":"Person","@id":"https:\/\/www.pdhj.tl\/#\/schema\/person\/63daa051af528bce430ec089ee97591e","name":"PDHJ Timor-Leste","image":{"@type":"ImageObject","inLanguage":"en-US","@id":"https:\/\/www.pdhj.tl\/#\/schema\/person\/image\/","url":"https:\/\/secure.gravatar.com\/avatar\/de39a4f20eebfc47524fe50cb12463cabf896402fde62eed5c910e188c92608e?s=96&d=mm&r=g","contentUrl":"https:\/\/secure.gravatar.com\/avatar\/de39a4f20eebfc47524fe50cb12463cabf896402fde62eed5c910e188c92608e?s=96&d=mm&r=g","caption":"PDHJ Timor-Leste"},"sameAs":["https:\/\/pdhj.tl"],"url":"https:\/\/www.pdhj.tl\/en\/author\/media\/"}]}},"_links":{"self":[{"href":"https:\/\/www.pdhj.tl\/en\/wp-json\/wp\/v2\/posts\/6906\/"}],"collection":[{"href":"https:\/\/www.pdhj.tl\/en\/wp-json\/wp\/v2\/posts\/"}],"about":[{"href":"https:\/\/www.pdhj.tl\/en\/wp-json\/wp\/v2\/types\/post\/"}],"author":[{"embeddable":true,"href":"https:\/\/www.pdhj.tl\/en\/wp-json\/wp\/v2\/users\/10\/"}],"replies":[{"embeddable":true,"href":"https:\/\/www.pdhj.tl\/en\/wp-json\/wp\/v2\/comments\/?post=6906"}],"version-history":[{"count":1,"href":"https:\/\/www.pdhj.tl\/en\/wp-json\/wp\/v2\/posts\/6906\/revisions\/"}],"predecessor-version":[{"id":6907,"href":"https:\/\/www.pdhj.tl\/en\/wp-json\/wp\/v2\/posts\/6906\/revisions\/6907\/"}],"wp:featuredmedia":[{"embeddable":true,"href":"https:\/\/www.pdhj.tl\/en\/wp-json\/wp\/v2\/media\/6903\/"}],"wp:attachment":[{"href":"https:\/\/www.pdhj.tl\/en\/wp-json\/wp\/v2\/media\/?parent=6906"}],"wp:term":[{"taxonomy":"category","embeddable":true,"href":"https:\/\/www.pdhj.tl\/en\/wp-json\/wp\/v2\/categories\/?post=6906"},{"taxonomy":"post_tag","embeddable":true,"href":"https:\/\/www.pdhj.tl\/en\/wp-json\/wp\/v2\/tags\/?post=6906"}],"curies":[{"name":"wp","href":"https:\/\/api.w.org\/{rel}","templated":true}]}}